{"id":28,"date":"2023-04-03T09:22:45","date_gmt":"2023-04-03T09:22:45","guid":{"rendered":"https:\/\/www.pracowniapz.pl\/blog\/?p=28"},"modified":"2023-09-04T05:27:37","modified_gmt":"2023-09-04T05:27:37","slug":"kortykotomia-kurs-praktyczny-z-zabiegiem-wykonywanym-na-pacjencie","status":"publish","type":"post","link":"https:\/\/www.pracowniapz.pl\/blog\/2023\/04\/03\/kortykotomia-kurs-praktyczny-z-zabiegiem-wykonywanym-na-pacjencie\/","title":{"rendered":"KORTYKOTOMIA \u2013 kurs praktyczny z zabiegiem wykonywanym na pacjencie"},"content":{"rendered":"\n<h2 class=\"wp-block-heading\">KORTYKOTOMIA \u2013 kurs praktyczny z zabiegiem wykonywanym na pacjencie<\/h2>\n\n\n\n<p>Prowadz\u0105cy: prof. dr hab. n. med. Ma\u0142gorzata Pietruska, dr n. med. Emilia Waszkiewicz<\/p>\n\n\n\n<p>Najbli\u017cszy termin: 19.10.2023 r.<\/p>\n\n\n\n<p>Miejsce:&nbsp;&nbsp; Praktyka Stomatologiczna Ma\u0142gorzaty i Jana Pietruskich, ul. Waszyngtona 1\/34, Bia\u0142ystok &nbsp;<br><br>Wyzwaniem wsp\u00f3\u0142czesnego leczenia ortodontycznego jest osi\u0105gni\u0119cie odpowiedniej estetyki i funkcji narz\u0105du \u017cucia oraz przyspieszenie leczenia bez negatywnego wp\u0142ywu na tkanki przyz\u0119bia. Skr\u00f3cenie czasu leczenia jest nie tylko po\u017c\u0105dane ze wzgl\u0119du na dyskomfort pacjenta, ale przede wszystkim, ze wzgl\u0119du na zmniejszenie prawdopodobie\u0144stwa wyst\u0105pienia powik\u0142a\u0144, takich jak: resorpcje korzeni, pr\u00f3chnica, dehiscencje i fenestracje kostne czy recesje dzi\u0105s\u0142a. Wi\u0119kszo\u015b\u0107 tego typu powik\u0142a\u0144 jest szczeg\u00f3lnie cz\u0119sto obserwowana u os\u00f3b z cienkim fenotypem i ubytkami w przedsionkowej blaszce wyrostka, kt\u00f3rych leczenie wymaga\u0142o doprzedsionkowego przesuni\u0119cia z\u0119b\u00f3w poza kopert\u0119 wyrostka z\u0119bodo\u0142owego. W celu poprawy warunk\u00f3w do ortodontycznego przesuwania z\u0119b\u00f3w wprowadzane s\u0105 r\u00f3\u017cnorodne dodatkowe techniki zabiegowe, w tym przygotowawcze zabiegi chirurgiczne takie jak&nbsp; kortykotomia, kt\u00f3rych dzia\u0142anie oparte jest na regionalnym zjawisku akceleracji. Spowodowane naci\u0119ciem uszkodzenie ko\u015bci rozpoczyna kaskad\u0119 reakcji, w wyniku kt\u00f3rych dochodzi do przej\u015bciowej osteopenii charakteryzuj\u0105cej si\u0119 zmniejszeniem g\u0119sto\u015bci tkanki kostnej, a przez to zmniejszeniem jej oporu na ruch z\u0119ba. Regionalne zjawisko akceleracji daje przemijaj\u0105cy impuls do przebudowy i mo\u017ce przyspieszy\u0107 proces gojenia tkanek twardej i mi\u0119kkich od dwu do dziesi\u0119ciu razy. Z dost\u0119pnych danych wynika, \u017ce zabiegi kortykotomii poprzedzaj\u0105ce leczenie ortodontyczne przynosz\u0105 wiele zalet takich jak: szybsze przesuwanie z\u0119b\u00f3w, kr\u00f3tszy czas leczenia, bezpieczna rozbudowa wyrostka z\u0119bodo\u0142owego, czy stabilno\u015b\u0107 efekt\u00f3w leczenia. Dlatego te\u017c s\u0105 szczeg\u00f3lnie polecane u os\u00f3b z cienkim fenotypem przed ortodontyczn\u0105 ekspansj\u0105 \u0142uk\u00f3w z\u0119bowych.<br><br>W programie kursu planowane jest om\u00f3wienie zagadnie\u0144 dotycz\u0105cych:<br><br>&#8211; wskaza\u0144 i przeciwskaza\u0144 do wykonania zabiegu kortykotomii<br><br>&#8211; technik chirurgicznych<br><br>&#8211; narz\u0119dzi niezb\u0119dnych do wykonania zabieg\u00f3w<br><br>&#8211; opieki pozabiegowej<br><br>&#8211; ortodontycznego aspektu leczenia wspomaganego zabiegiem kortykotomii<br><br>&#8211; prawdopodobnych powik\u0142a\u0144 leczenia.<br><br>Cz\u0119\u015b\u0107 praktyczna obejmuje demonstracje z udzia\u0142em pacjent\u00f3w.<br><br>Zaprezentowane zostan\u0105:<br><br>&#8211; zabieg kortykotomii<br><br>&#8211; ortodontyczne zaopatrzenie pacjenta po zabiegu chirurgicznym.<br><br>Plan kursu<br>8.00 \u2013 9.30 wyk\u0142ad<br>9.30 \u2013 9.45 przerwa kawowa<br>9.45 \u2013 12.00 wyk\u0142ad<br>12.00 \u2013 12.15 przerwa kawowa<br>12.15 \u2013 13.15 wyk\u0142ad<br>13.15 \u2013 14.00 lunch<br>14.00 \u2013 16.00 zabieg chirurgiczny<br>16.00 \u2013 16.30 zabieg ortodontyczny<br>16.30 \u2013 18.00 wyk\u0142ad<br><br>Uwaga: zakres procedur wykonywanych w czasie cz\u0119\u015bci praktycznej mo\u017ce ulec zmianie w zale\u017cno\u015bci od dost\u0119pno\u015bci pacjent\u00f3w kwalifikuj\u0105cych si\u0119 do okre\u015blonych procedur oraz stopnia zaawansowania grupy uczestnicz\u0105cej w&nbsp; szkoleniu.<br><br>Wszystkie narz\u0119dzia i materia\u0142y na kurs zapewnia organizator.&nbsp; &nbsp;<br><br>Poziom: pocz\u0105tkuj\u0105cy<br><br>Czas trwania: 1 dzie\u0144<br><br>Liczba uczestnik\u00f3w: maks. 12 os\u00f3b<br><br>Cena kursu: 2650z\u0142 \u2013 wczesna rejestracja do 30 dni przed kursem lub 3100z\u0142 p\u00f3\u017ana rejestracja&nbsp;&nbsp; &nbsp;<br><br>Istnieje mo\u017cliwo\u015b\u0107 uzyskania dofinansowania w wysoko\u015bci od 50% do 80% warto\u015bci us\u0142ugi.<br>W celu uzyskania szczeg\u00f3\u0142owych informacji w temacie dofinansowa\u0144 &#8211; zapraszamy do kontaktu z Pani\u0105 Dorot\u0105 \u0141api\u0144sk\u0105 pod numerem tel. 570 968 686 lub sekretariat@simitu.eu<br><br>Cena regularna: 3150 z\u0142<br><br>Konto i zasady rezygnacji:<br><br>W przypadku rezygnacji zg\u0142oszonej do miesi\u0105ca przed terminem kursu zwracamy op\u0142at\u0119 w pe\u0142nej wysoko\u015bci minus 200 z\u0142 + vat, po tym terminie rezygnacje nie b\u0119d\u0105 przyjmowane. &nbsp;<br><br>Faktury wystawiane s\u0105 automatycznie po dokonaniu p\u0142atno\u015bci on-line.<br><br><\/p>\n","protected":false},"excerpt":{"rendered":"<p>KORTYKOTOMIA \u2013 kurs praktyczny z zabiegiem wykonywanym na pacjencie Prowadz\u0105cy: prof. dr hab. n. med. Ma\u0142gorzata Pietruska, dr n. med. Emilia Waszkiewicz Najbli\u017cszy termin: 19.10.2023 r. Miejsce:&nbsp;&nbsp; Praktyka Stomatologiczna Ma\u0142gorzaty i Jana Pietruskich, ul. Waszyngtona 1\/34, Bia\u0142ystok &nbsp; Wyzwaniem wsp\u00f3\u0142czesnego leczenia ortodontycznego jest osi\u0105gni\u0119cie odpowiedniej estetyki i funkcji narz\u0105du \u017cucia oraz przyspieszenie leczenia bez negatywnego &hellip;<\/p>\n<p class=\"read-more\"> <a class=\"\" href=\"https:\/\/www.pracowniapz.pl\/blog\/2023\/04\/03\/kortykotomia-kurs-praktyczny-z-zabiegiem-wykonywanym-na-pacjencie\/\"> <span class=\"screen-reader-text\">KORTYKOTOMIA \u2013 kurs praktyczny z zabiegiem wykonywanym na pacjencie<\/span> Read More &raquo;<\/a><\/p>\n","protected":false},"author":1,"featured_media":0,"comment_status":"closed","ping_status":"open","sticky":false,"template":"","format":"standard","meta":{"_uag_custom_page_level_css":"","site-sidebar-layout":"default","site-content-layout":"","ast-site-content-layout":"","site-content-style":"default","site-sidebar-style":"default","ast-global-header-display":"","ast-banner-title-visibility":"","ast-main-header-display":"","ast-hfb-above-header-display":"","ast-hfb-below-header-display":"","ast-hfb-mobile-header-display":"","site-post-title":"","ast-breadcrumbs-content":"","ast-featured-img":"","footer-sml-layout":"","theme-transparent-header-meta":"","adv-header-id-meta":"","stick-header-meta":"","header-above-stick-meta":"","header-main-stick-meta":"","header-below-stick-meta":"","astra-migrate-meta-layouts":"","ast-page-background-enabled":"default","ast-page-background-meta":{"desktop":{"background-color":"var(--ast-global-color-4)","background-image":"","background-repeat":"repeat","background-position":"center center","background-size":"auto","background-attachment":"scroll","background-type":"","background-media":"","overlay-type":"","overlay-color":"","overlay-gradient":""},"tablet":{"background-color":"","background-image":"","background-repeat":"repeat","background-position":"center center","background-size":"auto","background-attachment":"scroll","background-type":"","background-media":"","overlay-type":"","overlay-color":"","overlay-gradient":""},"mobile":{"background-color":"","background-image":"","background-repeat":"repeat","background-position":"center center","background-size":"auto","background-attachment":"scroll","background-type":"","background-media":"","overlay-type":"","overlay-color":"","overlay-gradient":""}},"ast-content-background-meta":{"desktop":{"background-color":"var(--ast-global-color-5)","background-image":"","background-repeat":"repeat","background-position":"center center","background-size":"auto","background-attachment":"scroll","background-type":"","background-media":"","overlay-type":"","overlay-color":"","overlay-gradient":""},"tablet":{"background-color":"var(--ast-global-color-5)","background-image":"","background-repeat":"repeat","background-position":"center center","background-size":"auto","background-attachment":"scroll","background-type":"","background-media":"","overlay-type":"","overlay-color":"","overlay-gradient":""},"mobile":{"background-color":"var(--ast-global-color-5)","background-image":"","background-repeat":"repeat","background-position":"center center","background-size":"auto","background-attachment":"scroll","background-type":"","background-media":"","overlay-type":"","overlay-color":"","overlay-gradient":""}},"footnotes":""},"categories":[1],"tags":[],"class_list":["post-28","post","type-post","status-publish","format-standard","hentry","category-uncategorized"],"uagb_featured_image_src":{"full":false,"thumbnail":false,"medium":false,"medium_large":false,"large":false,"1536x1536":false,"2048x2048":false},"uagb_author_info":{"display_name":"wp-admin-ppz","author_link":"https:\/\/www.pracowniapz.pl\/blog\/author\/wp-admin-ppz\/"},"uagb_comment_info":0,"uagb_excerpt":"KORTYKOTOMIA \u2013 kurs praktyczny z zabiegiem wykonywanym na pacjencie Prowadz\u0105cy: prof. dr hab. n. med. Ma\u0142gorzata Pietruska, dr n. med. Emilia Waszkiewicz Najbli\u017cszy termin: 19.10.2023 r. Miejsce:&nbsp;&nbsp; Praktyka Stomatologiczna Ma\u0142gorzaty i Jana Pietruskich, ul. Waszyngtona 1\/34, Bia\u0142ystok &nbsp; Wyzwaniem wsp\u00f3\u0142czesnego leczenia ortodontycznego jest osi\u0105gni\u0119cie odpowiedniej estetyki i funkcji narz\u0105du \u017cucia oraz przyspieszenie leczenia bez negatywnego&hellip;","_links":{"self":[{"href":"https:\/\/www.pracowniapz.pl\/blog\/wp-json\/wp\/v2\/posts\/28","targetHints":{"allow":["GET"]}}],"collection":[{"href":"https:\/\/www.pracowniapz.pl\/blog\/wp-json\/wp\/v2\/posts"}],"about":[{"href":"https:\/\/www.pracowniapz.pl\/blog\/wp-json\/wp\/v2\/types\/post"}],"author":[{"embeddable":true,"href":"https:\/\/www.pracowniapz.pl\/blog\/wp-json\/wp\/v2\/users\/1"}],"replies":[{"embeddable":true,"href":"https:\/\/www.pracowniapz.pl\/blog\/wp-json\/wp\/v2\/comments?post=28"}],"version-history":[{"count":3,"href":"https:\/\/www.pracowniapz.pl\/blog\/wp-json\/wp\/v2\/posts\/28\/revisions"}],"predecessor-version":[{"id":78,"href":"https:\/\/www.pracowniapz.pl\/blog\/wp-json\/wp\/v2\/posts\/28\/revisions\/78"}],"wp:attachment":[{"href":"https:\/\/www.pracowniapz.pl\/blog\/wp-json\/wp\/v2\/media?parent=28"}],"wp:term":[{"taxonomy":"category","embeddable":true,"href":"https:\/\/www.pracowniapz.pl\/blog\/wp-json\/wp\/v2\/categories?post=28"},{"taxonomy":"post_tag","embeddable":true,"href":"https:\/\/www.pracowniapz.pl\/blog\/wp-json\/wp\/v2\/tags?post=28"}],"curies":[{"name":"wp","href":"https:\/\/api.w.org\/{rel}","templated":true}]}}